{"id":1148,"date":"2018-12-07T19:20:32","date_gmt":"2018-12-07T19:20:32","guid":{"rendered":"http:\/\/asociatia-macedonenilor.ro\/?p=1148"},"modified":"2019-11-29T09:18:22","modified_gmt":"2019-11-29T09:18:22","slug":"invitati-la-sarbatorirea-de-catre-partida-romilor-pro-europa-a-zilei-minoritatilor-nationale","status":"publish","type":"post","link":"https:\/\/asociatia-macedonenilor.ro\/index.php\/2018\/12\/07\/invitati-la-sarbatorirea-de-catre-partida-romilor-pro-europa-a-zilei-minoritatilor-nationale\/","title":{"rendered":"Invita\u021bi la s\u0103rb\u0103torirea de c\u0103tre Partida Romilor &#8222;Pro-Europa&#8221; a Zilei Minorit\u0103\u021bilor Na\u021bionale"},"content":{"rendered":"<div id=\"js_4r1\" class=\"_5pbx userContent _3576\" data-ft=\"{&quot;tn&quot;:&quot;K&quot;}\">\n<p>Asocia\u0163ia Macedonenilor din Rom\u00e2nia a r\u0103spuns cu pl\u0103cere invita\u0163iei de a participa la s\u0103rb\u0103torirea Zilei Minorit\u0103\u0163ilor Na\u0163ionale, \u00een organizarea Partidei Romilor &#8222;Pro-Europa&#8221;.<br \/>\nAnsamblul SON\u0162E \u015fi t\u00e2n\u0103ra Dalia Stancu au dansat, au c\u00e2ntat \u015fi au \u00eenc\u00e2ntat publicul!<br \/>\nFelicit\u0103ri organizatorilor!<\/p>\n<\/div>\n<div class=\"_3x-2\" data-ft=\"{&quot;tn&quot;:&quot;H&quot;}\">\n<div data-ft=\"{&quot;tn&quot;:&quot;H&quot;}\">\n<div class=\"mtm\">\n<div class=\"_2a2q _65sr\"><img loading=\"lazy\" decoding=\"async\" class=\"wp-image-1149 alignright\" src=\"https:\/\/asociatia-macedonenilor.ro\/wp-content\/uploads\/2019\/03\/47391752_1918516058261000_6584891064765644800_n.jpg\" alt=\"\" width=\"268\" height=\"357\" srcset=\"https:\/\/asociatia-macedonenilor.ro\/wp-content\/uploads\/2019\/03\/47391752_1918516058261000_6584891064765644800_n.jpg 720w, https:\/\/asociatia-macedonenilor.ro\/wp-content\/uploads\/2019\/03\/47391752_1918516058261000_6584891064765644800_n-225x300.jpg 225w\" sizes=\"(max-width: 268px) 100vw, 268px\" \/> <img loading=\"lazy\" decoding=\"async\" class=\"wp-image-1150 alignleft\" src=\"https:\/\/asociatia-macedonenilor.ro\/wp-content\/uploads\/2019\/03\/47466673_1918514491594490_1214235057565204480_n.jpg\" alt=\"\" width=\"265\" height=\"354\" srcset=\"https:\/\/asociatia-macedonenilor.ro\/wp-content\/uploads\/2019\/03\/47466673_1918514491594490_1214235057565204480_n.jpg 720w, https:\/\/asociatia-macedonenilor.ro\/wp-content\/uploads\/2019\/03\/47466673_1918514491594490_1214235057565204480_n-225x300.jpg 225w\" sizes=\"(max-width: 265px) 100vw, 265px\" \/> <img loading=\"lazy\" decoding=\"async\" class=\"wp-image-1152 alignleft\" src=\"https:\/\/asociatia-macedonenilor.ro\/wp-content\/uploads\/2019\/03\/47575350_1918515424927730_3413979150363394048_n.jpg\" alt=\"\" width=\"263\" height=\"351\" srcset=\"https:\/\/asociatia-macedonenilor.ro\/wp-content\/uploads\/2019\/03\/47575350_1918515424927730_3413979150363394048_n.jpg 720w, https:\/\/asociatia-macedonenilor.ro\/wp-content\/uploads\/2019\/03\/47575350_1918515424927730_3413979150363394048_n-225x300.jpg 225w\" sizes=\"(max-width: 263px) 100vw, 263px\" \/> <img loading=\"lazy\" decoding=\"async\" class=\"wp-image-1153 alignright\" src=\"https:\/\/asociatia-macedonenilor.ro\/wp-content\/uploads\/2019\/03\/47680289_1918514938261112_7012356154575552512_n.jpg\" alt=\"\" width=\"262\" height=\"350\" srcset=\"https:\/\/asociatia-macedonenilor.ro\/wp-content\/uploads\/2019\/03\/47680289_1918514938261112_7012356154575552512_n.jpg 720w, https:\/\/asociatia-macedonenilor.ro\/wp-content\/uploads\/2019\/03\/47680289_1918514938261112_7012356154575552512_n-225x300.jpg 225w\" sizes=\"(max-width: 262px) 100vw, 262px\" \/><\/div>\n<\/div>\n<\/div>\n<\/div>\n","protected":false},"excerpt":{"rendered":"<p>Asocia\u0163ia Macedonenilor din Rom\u00e2nia a r\u0103spuns cu pl\u0103cere invita\u0163iei de a participa la s\u0103rb\u0103torirea Zilei Minorit\u0103\u0163ilor Na\u0163ionale, \u00een organizarea Partidei Romilor &#8222;Pro-Europa&#8221;. Ansamblul SON\u0162E \u015fi t\u00e2n\u0103ra Dalia Stancu au dansat, au c\u00e2ntat \u015fi au \u00eenc\u00e2ntat publicul! Felicit\u0103ri organizatorilor!<\/p>\n","protected":false},"author":1,"featured_media":1151,"comment_status":"open","ping_status":"open","sticky":false,"template":"","format":"standard","meta":{"_et_pb_use_builder":"","_et_pb_old_content":"","_et_gb_content_width":"","footnotes":""},"categories":[1],"tags":[],"class_list":["post-1148","post","type-post","status-publish","format-standard","has-post-thumbnail","hentry","category-activitati"],"_links":{"self":[{"href":"https:\/\/asociatia-macedonenilor.ro\/index.php\/wp-json\/wp\/v2\/posts\/1148","targetHints":{"allow":["GET"]}}],"collection":[{"href":"https:\/\/asociatia-macedonenilor.ro\/index.php\/wp-json\/wp\/v2\/posts"}],"about":[{"href":"https:\/\/asociatia-macedonenilor.ro\/index.php\/wp-json\/wp\/v2\/types\/post"}],"author":[{"embeddable":true,"href":"https:\/\/asociatia-macedonenilor.ro\/index.php\/wp-json\/wp\/v2\/users\/1"}],"replies":[{"embeddable":true,"href":"https:\/\/asociatia-macedonenilor.ro\/index.php\/wp-json\/wp\/v2\/comments?post=1148"}],"version-history":[{"count":2,"href":"https:\/\/asociatia-macedonenilor.ro\/index.php\/wp-json\/wp\/v2\/posts\/1148\/revisions"}],"predecessor-version":[{"id":1727,"href":"https:\/\/asociatia-macedonenilor.ro\/index.php\/wp-json\/wp\/v2\/posts\/1148\/revisions\/1727"}],"wp:featuredmedia":[{"embeddable":true,"href":"https:\/\/asociatia-macedonenilor.ro\/index.php\/wp-json\/wp\/v2\/media\/1151"}],"wp:attachment":[{"href":"https:\/\/asociatia-macedonenilor.ro\/index.php\/wp-json\/wp\/v2\/media?parent=1148"}],"wp:term":[{"taxonomy":"category","embeddable":true,"href":"https:\/\/asociatia-macedonenilor.ro\/index.php\/wp-json\/wp\/v2\/categories?post=1148"},{"taxonomy":"post_tag","embeddable":true,"href":"https:\/\/asociatia-macedonenilor.ro\/index.php\/wp-json\/wp\/v2\/tags?post=1148"}],"curies":[{"name":"wp","href":"https:\/\/api.w.org\/{rel}","templated":true}]}}