{"id":1114,"date":"2018-11-16T09:47:12","date_gmt":"2018-11-16T09:47:12","guid":{"rendered":"http:\/\/asociatia-macedonenilor.ro\/?p=1114"},"modified":"2019-11-29T09:59:16","modified_gmt":"2019-11-29T09:59:16","slug":"targul-de-carte-gaudeamus-bucuresti-2018","status":"publish","type":"post","link":"https:\/\/asociatia-macedonenilor.ro\/index.php\/2018\/11\/16\/targul-de-carte-gaudeamus-bucuresti-2018\/","title":{"rendered":"T\u00e2rgul de carte Gaudeamus &#8211; Bucure\u0219ti 2018"},"content":{"rendered":"<p>\u00cen aceste zile se desf\u0103\u0219oar\u0103, \u00een Bucure\u0219ti, t\u00e2rgul de carte Gaudeamus.<\/p>\n<p>Asocia\u021bia Macedonenilor din Rom\u00e2nia&nbsp; este prezent\u0103!<\/p>\n<p>V\u0103 a\u0219tept\u0103m!<br \/>\n<img loading=\"lazy\" decoding=\"async\" class=\"alignnone  wp-image-1115\" src=\"https:\/\/asociatia-macedonenilor.ro\/wp-content\/uploads\/2019\/03\/46362878_2594336967258286_6681591278477508608_n.jpg\" alt=\"\" width=\"302\" height=\"170\" srcset=\"https:\/\/asociatia-macedonenilor.ro\/wp-content\/uploads\/2019\/03\/46362878_2594336967258286_6681591278477508608_n.jpg 960w, https:\/\/asociatia-macedonenilor.ro\/wp-content\/uploads\/2019\/03\/46362878_2594336967258286_6681591278477508608_n-300x169.jpg 300w, https:\/\/asociatia-macedonenilor.ro\/wp-content\/uploads\/2019\/03\/46362878_2594336967258286_6681591278477508608_n-768x432.jpg 768w\" sizes=\"(max-width: 302px) 100vw, 302px\" \/> <img loading=\"lazy\" decoding=\"async\" class=\"wp-image-1117 alignright\" src=\"https:\/\/asociatia-macedonenilor.ro\/wp-content\/uploads\/2019\/03\/46457876_2594337100591606_6146629024174047232_n.jpg\" alt=\"\" width=\"322\" height=\"212\" srcset=\"https:\/\/asociatia-macedonenilor.ro\/wp-content\/uploads\/2019\/03\/46457876_2594337100591606_6146629024174047232_n.jpg 819w, https:\/\/asociatia-macedonenilor.ro\/wp-content\/uploads\/2019\/03\/46457876_2594337100591606_6146629024174047232_n-300x198.jpg 300w, https:\/\/asociatia-macedonenilor.ro\/wp-content\/uploads\/2019\/03\/46457876_2594337100591606_6146629024174047232_n-768x506.jpg 768w\" sizes=\"(max-width: 322px) 100vw, 322px\" \/><\/p>\n","protected":false},"excerpt":{"rendered":"<p>\u00cen aceste zile se desf\u0103\u0219oar\u0103, \u00een Bucure\u0219ti, t\u00e2rgul de carte Gaudeamus. Asocia\u021bia Macedonenilor din Rom\u00e2nia&nbsp; este prezent\u0103! V\u0103 a\u0219tept\u0103m!<\/p>\n","protected":false},"author":1,"featured_media":1116,"comment_status":"open","ping_status":"open","sticky":false,"template":"","format":"standard","meta":{"_et_pb_use_builder":"","_et_pb_old_content":"","_et_gb_content_width":"","footnotes":""},"categories":[1],"tags":[],"class_list":["post-1114","post","type-post","status-publish","format-standard","has-post-thumbnail","hentry","category-activitati"],"_links":{"self":[{"href":"https:\/\/asociatia-macedonenilor.ro\/index.php\/wp-json\/wp\/v2\/posts\/1114","targetHints":{"allow":["GET"]}}],"collection":[{"href":"https:\/\/asociatia-macedonenilor.ro\/index.php\/wp-json\/wp\/v2\/posts"}],"about":[{"href":"https:\/\/asociatia-macedonenilor.ro\/index.php\/wp-json\/wp\/v2\/types\/post"}],"author":[{"embeddable":true,"href":"https:\/\/asociatia-macedonenilor.ro\/index.php\/wp-json\/wp\/v2\/users\/1"}],"replies":[{"embeddable":true,"href":"https:\/\/asociatia-macedonenilor.ro\/index.php\/wp-json\/wp\/v2\/comments?post=1114"}],"version-history":[{"count":2,"href":"https:\/\/asociatia-macedonenilor.ro\/index.php\/wp-json\/wp\/v2\/posts\/1114\/revisions"}],"predecessor-version":[{"id":1732,"href":"https:\/\/asociatia-macedonenilor.ro\/index.php\/wp-json\/wp\/v2\/posts\/1114\/revisions\/1732"}],"wp:featuredmedia":[{"embeddable":true,"href":"https:\/\/asociatia-macedonenilor.ro\/index.php\/wp-json\/wp\/v2\/media\/1116"}],"wp:attachment":[{"href":"https:\/\/asociatia-macedonenilor.ro\/index.php\/wp-json\/wp\/v2\/media?parent=1114"}],"wp:term":[{"taxonomy":"category","embeddable":true,"href":"https:\/\/asociatia-macedonenilor.ro\/index.php\/wp-json\/wp\/v2\/categories?post=1114"},{"taxonomy":"post_tag","embeddable":true,"href":"https:\/\/asociatia-macedonenilor.ro\/index.php\/wp-json\/wp\/v2\/tags?post=1114"}],"curies":[{"name":"wp","href":"https:\/\/api.w.org\/{rel}","templated":true}]}}