{"id":1074,"date":"2018-09-24T09:01:21","date_gmt":"2018-09-24T09:01:21","guid":{"rendered":"http:\/\/asociatia-macedonenilor.ro\/?p=1074"},"modified":"2019-11-29T10:01:24","modified_gmt":"2019-11-29T10:01:24","slug":"ansamblul-sonte-pe-scena-festivalului-alfabetul-convietuirii","status":"publish","type":"post","link":"https:\/\/asociatia-macedonenilor.ro\/index.php\/2018\/09\/24\/ansamblul-sonte-pe-scena-festivalului-alfabetul-convietuirii\/","title":{"rendered":"Ansamblul &#8222;Son\u021be&#8221; pe scena Festivalului &#8222;Alfabetul Convie\u021buirii&#8221;"},"content":{"rendered":"<p>Ansamblul &#8222;Son\u021be&#8221; , \u00eempreun\u0103 cu t\u00e2n\u0103ra solist\u0103 Dalia Stancu, a fost prezent pe scena Festivalului &#8222;Alfabetul Convie\u021buirii&#8221; &#8211; Ploie\u0219ti 2018, prezent\u00e2nd publicului frumoasele c\u00e2ntece \u0219i dansuri tradi\u021bionale macedonene.<\/p>\n<p>&nbsp;<\/p>\n<p><img loading=\"lazy\" decoding=\"async\" class=\"wp-image-1081 alignleft\" src=\"https:\/\/asociatia-macedonenilor.ro\/wp-content\/uploads\/2019\/03\/42427602_1819914864787787_5352403298135572480_n.jpg\" alt=\"\" width=\"306\" height=\"229\" srcset=\"https:\/\/asociatia-macedonenilor.ro\/wp-content\/uploads\/2019\/03\/42427602_1819914864787787_5352403298135572480_n.jpg 960w, https:\/\/asociatia-macedonenilor.ro\/wp-content\/uploads\/2019\/03\/42427602_1819914864787787_5352403298135572480_n-300x225.jpg 300w, https:\/\/asociatia-macedonenilor.ro\/wp-content\/uploads\/2019\/03\/42427602_1819914864787787_5352403298135572480_n-768x576.jpg 768w, https:\/\/asociatia-macedonenilor.ro\/wp-content\/uploads\/2019\/03\/42427602_1819914864787787_5352403298135572480_n-510x382.jpg 510w\" sizes=\"(max-width: 306px) 100vw, 306px\" \/> <img loading=\"lazy\" decoding=\"async\" class=\"wp-image-1080 alignright\" src=\"https:\/\/asociatia-macedonenilor.ro\/wp-content\/uploads\/2019\/03\/42366663_1821050588007548_205887147188682752_n.jpg\" alt=\"\" width=\"283\" height=\"213\" srcset=\"https:\/\/asociatia-macedonenilor.ro\/wp-content\/uploads\/2019\/03\/42366663_1821050588007548_205887147188682752_n.jpg 960w, https:\/\/asociatia-macedonenilor.ro\/wp-content\/uploads\/2019\/03\/42366663_1821050588007548_205887147188682752_n-300x225.jpg 300w, https:\/\/asociatia-macedonenilor.ro\/wp-content\/uploads\/2019\/03\/42366663_1821050588007548_205887147188682752_n-768x576.jpg 768w, https:\/\/asociatia-macedonenilor.ro\/wp-content\/uploads\/2019\/03\/42366663_1821050588007548_205887147188682752_n-510x382.jpg 510w\" sizes=\"(max-width: 283px) 100vw, 283px\" \/> <img loading=\"lazy\" decoding=\"async\" class=\"wp-image-1079 alignright\" src=\"https:\/\/asociatia-macedonenilor.ro\/wp-content\/uploads\/2019\/03\/42338156_1821050541340886_132880558651867136_n.jpg\" alt=\"\" width=\"379\" height=\"285\" srcset=\"https:\/\/asociatia-macedonenilor.ro\/wp-content\/uploads\/2019\/03\/42338156_1821050541340886_132880558651867136_n.jpg 960w, https:\/\/asociatia-macedonenilor.ro\/wp-content\/uploads\/2019\/03\/42338156_1821050541340886_132880558651867136_n-300x225.jpg 300w, https:\/\/asociatia-macedonenilor.ro\/wp-content\/uploads\/2019\/03\/42338156_1821050541340886_132880558651867136_n-768x576.jpg 768w, https:\/\/asociatia-macedonenilor.ro\/wp-content\/uploads\/2019\/03\/42338156_1821050541340886_132880558651867136_n-510x382.jpg 510w\" sizes=\"(max-width: 379px) 100vw, 379px\" \/> <img loading=\"lazy\" decoding=\"async\" class=\"wp-image-1078 alignleft\" src=\"https:\/\/asociatia-macedonenilor.ro\/wp-content\/uploads\/2019\/03\/42319710_1819915081454432_472621942168354816_n.jpg\" alt=\"\" width=\"320\" height=\"240\" srcset=\"https:\/\/asociatia-macedonenilor.ro\/wp-content\/uploads\/2019\/03\/42319710_1819915081454432_472621942168354816_n.jpg 960w, https:\/\/asociatia-macedonenilor.ro\/wp-content\/uploads\/2019\/03\/42319710_1819915081454432_472621942168354816_n-300x225.jpg 300w, https:\/\/asociatia-macedonenilor.ro\/wp-content\/uploads\/2019\/03\/42319710_1819915081454432_472621942168354816_n-768x576.jpg 768w, https:\/\/asociatia-macedonenilor.ro\/wp-content\/uploads\/2019\/03\/42319710_1819915081454432_472621942168354816_n-510x382.jpg 510w\" sizes=\"(max-width: 320px) 100vw, 320px\" \/> <img loading=\"lazy\" decoding=\"async\" class=\"wp-image-1077 alignleft\" src=\"https:\/\/asociatia-macedonenilor.ro\/wp-content\/uploads\/2019\/03\/42303225_1819915044787769_8745028871830634496_n.jpg\" alt=\"\" width=\"333\" height=\"249\" srcset=\"https:\/\/asociatia-macedonenilor.ro\/wp-content\/uploads\/2019\/03\/42303225_1819915044787769_8745028871830634496_n.jpg 960w, https:\/\/asociatia-macedonenilor.ro\/wp-content\/uploads\/2019\/03\/42303225_1819915044787769_8745028871830634496_n-300x225.jpg 300w, https:\/\/asociatia-macedonenilor.ro\/wp-content\/uploads\/2019\/03\/42303225_1819915044787769_8745028871830634496_n-768x576.jpg 768w, https:\/\/asociatia-macedonenilor.ro\/wp-content\/uploads\/2019\/03\/42303225_1819915044787769_8745028871830634496_n-510x382.jpg 510w\" sizes=\"(max-width: 333px) 100vw, 333px\" \/> <img loading=\"lazy\" decoding=\"async\" class=\"wp-image-1075 alignright\" src=\"https:\/\/asociatia-macedonenilor.ro\/wp-content\/uploads\/2019\/03\/42249326_1819914878121119_5436633031353827328_n.jpg\" alt=\"\" width=\"333\" height=\"249\" srcset=\"https:\/\/asociatia-macedonenilor.ro\/wp-content\/uploads\/2019\/03\/42249326_1819914878121119_5436633031353827328_n.jpg 960w, https:\/\/asociatia-macedonenilor.ro\/wp-content\/uploads\/2019\/03\/42249326_1819914878121119_5436633031353827328_n-300x225.jpg 300w, https:\/\/asociatia-macedonenilor.ro\/wp-content\/uploads\/2019\/03\/42249326_1819914878121119_5436633031353827328_n-768x576.jpg 768w, https:\/\/asociatia-macedonenilor.ro\/wp-content\/uploads\/2019\/03\/42249326_1819914878121119_5436633031353827328_n-510x382.jpg 510w\" sizes=\"(max-width: 333px) 100vw, 333px\" \/><\/p>\n","protected":false},"excerpt":{"rendered":"<p>Ansamblul &#8222;Son\u021be&#8221; , \u00eempreun\u0103 cu t\u00e2n\u0103ra solist\u0103 Dalia Stancu, a fost prezent pe scena Festivalului &#8222;Alfabetul Convie\u021buirii&#8221; &#8211; Ploie\u0219ti 2018, prezent\u00e2nd publicului frumoasele c\u00e2ntece \u0219i dansuri tradi\u021bionale macedonene. &nbsp;<\/p>\n","protected":false},"author":1,"featured_media":1076,"comment_status":"open","ping_status":"open","sticky":false,"template":"","format":"standard","meta":{"_et_pb_use_builder":"","_et_pb_old_content":"","_et_gb_content_width":"","footnotes":""},"categories":[1],"tags":[],"class_list":["post-1074","post","type-post","status-publish","format-standard","has-post-thumbnail","hentry","category-activitati"],"_links":{"self":[{"href":"https:\/\/asociatia-macedonenilor.ro\/index.php\/wp-json\/wp\/v2\/posts\/1074","targetHints":{"allow":["GET"]}}],"collection":[{"href":"https:\/\/asociatia-macedonenilor.ro\/index.php\/wp-json\/wp\/v2\/posts"}],"about":[{"href":"https:\/\/asociatia-macedonenilor.ro\/index.php\/wp-json\/wp\/v2\/types\/post"}],"author":[{"embeddable":true,"href":"https:\/\/asociatia-macedonenilor.ro\/index.php\/wp-json\/wp\/v2\/users\/1"}],"replies":[{"embeddable":true,"href":"https:\/\/asociatia-macedonenilor.ro\/index.php\/wp-json\/wp\/v2\/comments?post=1074"}],"version-history":[{"count":2,"href":"https:\/\/asociatia-macedonenilor.ro\/index.php\/wp-json\/wp\/v2\/posts\/1074\/revisions"}],"predecessor-version":[{"id":1736,"href":"https:\/\/asociatia-macedonenilor.ro\/index.php\/wp-json\/wp\/v2\/posts\/1074\/revisions\/1736"}],"wp:featuredmedia":[{"embeddable":true,"href":"https:\/\/asociatia-macedonenilor.ro\/index.php\/wp-json\/wp\/v2\/media\/1076"}],"wp:attachment":[{"href":"https:\/\/asociatia-macedonenilor.ro\/index.php\/wp-json\/wp\/v2\/media?parent=1074"}],"wp:term":[{"taxonomy":"category","embeddable":true,"href":"https:\/\/asociatia-macedonenilor.ro\/index.php\/wp-json\/wp\/v2\/categories?post=1074"},{"taxonomy":"post_tag","embeddable":true,"href":"https:\/\/asociatia-macedonenilor.ro\/index.php\/wp-json\/wp\/v2\/tags?post=1074"}],"curies":[{"name":"wp","href":"https:\/\/api.w.org\/{rel}","templated":true}]}}