{"id":1028,"date":"2018-09-07T18:02:30","date_gmt":"2018-09-07T18:02:30","guid":{"rendered":"http:\/\/asociatia-macedonenilor.ro\/?p=1028"},"modified":"2019-11-29T10:02:45","modified_gmt":"2019-11-29T10:02:45","slug":"ohrid-perla-balcaniului","status":"publish","type":"post","link":"https:\/\/asociatia-macedonenilor.ro\/index.php\/2018\/09\/07\/ohrid-perla-balcaniului\/","title":{"rendered":"Ohrid -&#8222;Perla Balcaniului&#8221;!"},"content":{"rendered":"<p>Participan\u021bii la Tab\u0103ra de limb\u0103 macedonean\u0103, au&nbsp; vizitat&nbsp; obiectivele cultural-istorice din frumosul ora\u0219 Ohrid, supranumit &#8222;Perla Balcaniului&#8221;.<\/p>\n<p><img loading=\"lazy\" decoding=\"async\" class=\"wp-image-1029 alignleft\" src=\"https:\/\/asociatia-macedonenilor.ro\/wp-content\/uploads\/2019\/03\/41070182_1801590149953592_2005818940629975040_n.jpg\" alt=\"\" width=\"331\" height=\"186\" srcset=\"https:\/\/asociatia-macedonenilor.ro\/wp-content\/uploads\/2019\/03\/41070182_1801590149953592_2005818940629975040_n.jpg 960w, https:\/\/asociatia-macedonenilor.ro\/wp-content\/uploads\/2019\/03\/41070182_1801590149953592_2005818940629975040_n-300x169.jpg 300w, https:\/\/asociatia-macedonenilor.ro\/wp-content\/uploads\/2019\/03\/41070182_1801590149953592_2005818940629975040_n-768x432.jpg 768w\" sizes=\"(max-width: 331px) 100vw, 331px\" \/> <img loading=\"lazy\" decoding=\"async\" class=\"wp-image-1031 alignright\" src=\"https:\/\/asociatia-macedonenilor.ro\/wp-content\/uploads\/2019\/03\/41195609_1801590093286931_81949818548649984_n.jpg\" alt=\"\" width=\"329\" height=\"185\" srcset=\"https:\/\/asociatia-macedonenilor.ro\/wp-content\/uploads\/2019\/03\/41195609_1801590093286931_81949818548649984_n.jpg 960w, https:\/\/asociatia-macedonenilor.ro\/wp-content\/uploads\/2019\/03\/41195609_1801590093286931_81949818548649984_n-300x169.jpg 300w, https:\/\/asociatia-macedonenilor.ro\/wp-content\/uploads\/2019\/03\/41195609_1801590093286931_81949818548649984_n-768x432.jpg 768w\" sizes=\"(max-width: 329px) 100vw, 329px\" \/> <img loading=\"lazy\" decoding=\"async\" class=\"wp-image-1032 alignleft\" src=\"https:\/\/asociatia-macedonenilor.ro\/wp-content\/uploads\/2019\/03\/41223325_1801590006620273_898671384987697152_n.jpg\" alt=\"\" width=\"380\" height=\"214\" srcset=\"https:\/\/asociatia-macedonenilor.ro\/wp-content\/uploads\/2019\/03\/41223325_1801590006620273_898671384987697152_n.jpg 960w, https:\/\/asociatia-macedonenilor.ro\/wp-content\/uploads\/2019\/03\/41223325_1801590006620273_898671384987697152_n-300x169.jpg 300w, https:\/\/asociatia-macedonenilor.ro\/wp-content\/uploads\/2019\/03\/41223325_1801590006620273_898671384987697152_n-768x432.jpg 768w\" sizes=\"(max-width: 380px) 100vw, 380px\" \/> <img loading=\"lazy\" decoding=\"async\" class=\"wp-image-1033 alignleft\" src=\"https:\/\/asociatia-macedonenilor.ro\/wp-content\/uploads\/2019\/03\/41231989_1801590119953595_6871272947122700288_n.jpg\" alt=\"\" width=\"395\" height=\"222\" srcset=\"https:\/\/asociatia-macedonenilor.ro\/wp-content\/uploads\/2019\/03\/41231989_1801590119953595_6871272947122700288_n.jpg 960w, https:\/\/asociatia-macedonenilor.ro\/wp-content\/uploads\/2019\/03\/41231989_1801590119953595_6871272947122700288_n-300x169.jpg 300w, https:\/\/asociatia-macedonenilor.ro\/wp-content\/uploads\/2019\/03\/41231989_1801590119953595_6871272947122700288_n-768x432.jpg 768w\" sizes=\"(max-width: 395px) 100vw, 395px\" \/> <img loading=\"lazy\" decoding=\"async\" class=\"wp-image-1034 alignright\" src=\"https:\/\/asociatia-macedonenilor.ro\/wp-content\/uploads\/2019\/03\/41237176_1801590013286939_7968371559192592384_n.jpg\" alt=\"\" width=\"389\" height=\"219\" srcset=\"https:\/\/asociatia-macedonenilor.ro\/wp-content\/uploads\/2019\/03\/41237176_1801590013286939_7968371559192592384_n.jpg 960w, https:\/\/asociatia-macedonenilor.ro\/wp-content\/uploads\/2019\/03\/41237176_1801590013286939_7968371559192592384_n-300x169.jpg 300w, https:\/\/asociatia-macedonenilor.ro\/wp-content\/uploads\/2019\/03\/41237176_1801590013286939_7968371559192592384_n-768x432.jpg 768w\" sizes=\"(max-width: 389px) 100vw, 389px\" \/> <img loading=\"lazy\" decoding=\"async\" class=\"wp-image-1035 alignleft\" src=\"https:\/\/asociatia-macedonenilor.ro\/wp-content\/uploads\/2019\/03\/41628859_1809159005863373_6955312872851243008_n.jpg\" alt=\"\" width=\"357\" height=\"201\" srcset=\"https:\/\/asociatia-macedonenilor.ro\/wp-content\/uploads\/2019\/03\/41628859_1809159005863373_6955312872851243008_n.jpg 960w, https:\/\/asociatia-macedonenilor.ro\/wp-content\/uploads\/2019\/03\/41628859_1809159005863373_6955312872851243008_n-300x169.jpg 300w, https:\/\/asociatia-macedonenilor.ro\/wp-content\/uploads\/2019\/03\/41628859_1809159005863373_6955312872851243008_n-768x432.jpg 768w\" sizes=\"(max-width: 357px) 100vw, 357px\" \/> <img loading=\"lazy\" decoding=\"async\" class=\"alignnone  wp-image-1036\" src=\"https:\/\/asociatia-macedonenilor.ro\/wp-content\/uploads\/2019\/03\/41662412_1809159129196694_2069444238260568064_n.jpg\" alt=\"\" width=\"384\" height=\"216\" srcset=\"https:\/\/asociatia-macedonenilor.ro\/wp-content\/uploads\/2019\/03\/41662412_1809159129196694_2069444238260568064_n.jpg 960w, https:\/\/asociatia-macedonenilor.ro\/wp-content\/uploads\/2019\/03\/41662412_1809159129196694_2069444238260568064_n-300x169.jpg 300w, https:\/\/asociatia-macedonenilor.ro\/wp-content\/uploads\/2019\/03\/41662412_1809159129196694_2069444238260568064_n-768x432.jpg 768w\" sizes=\"(max-width: 384px) 100vw, 384px\" \/> <img loading=\"lazy\" decoding=\"async\" class=\"wp-image-1037 alignright\" src=\"https:\/\/asociatia-macedonenilor.ro\/wp-content\/uploads\/2019\/03\/41685541_1809159219196685_2567180945857708032_n.jpg\" alt=\"\" width=\"372\" height=\"209\" srcset=\"https:\/\/asociatia-macedonenilor.ro\/wp-content\/uploads\/2019\/03\/41685541_1809159219196685_2567180945857708032_n.jpg 960w, https:\/\/asociatia-macedonenilor.ro\/wp-content\/uploads\/2019\/03\/41685541_1809159219196685_2567180945857708032_n-300x169.jpg 300w, https:\/\/asociatia-macedonenilor.ro\/wp-content\/uploads\/2019\/03\/41685541_1809159219196685_2567180945857708032_n-768x432.jpg 768w\" sizes=\"(max-width: 372px) 100vw, 372px\" \/><\/p>\n","protected":false},"excerpt":{"rendered":"<p>Participan\u021bii la Tab\u0103ra de limb\u0103 macedonean\u0103, au&nbsp; vizitat&nbsp; obiectivele cultural-istorice din frumosul ora\u0219 Ohrid, supranumit &#8222;Perla Balcaniului&#8221;.<\/p>\n","protected":false},"author":1,"featured_media":1030,"comment_status":"open","ping_status":"open","sticky":false,"template":"","format":"standard","meta":{"_et_pb_use_builder":"","_et_pb_old_content":"","_et_gb_content_width":"","footnotes":""},"categories":[1],"tags":[],"class_list":["post-1028","post","type-post","status-publish","format-standard","has-post-thumbnail","hentry","category-activitati"],"_links":{"self":[{"href":"https:\/\/asociatia-macedonenilor.ro\/index.php\/wp-json\/wp\/v2\/posts\/1028","targetHints":{"allow":["GET"]}}],"collection":[{"href":"https:\/\/asociatia-macedonenilor.ro\/index.php\/wp-json\/wp\/v2\/posts"}],"about":[{"href":"https:\/\/asociatia-macedonenilor.ro\/index.php\/wp-json\/wp\/v2\/types\/post"}],"author":[{"embeddable":true,"href":"https:\/\/asociatia-macedonenilor.ro\/index.php\/wp-json\/wp\/v2\/users\/1"}],"replies":[{"embeddable":true,"href":"https:\/\/asociatia-macedonenilor.ro\/index.php\/wp-json\/wp\/v2\/comments?post=1028"}],"version-history":[{"count":2,"href":"https:\/\/asociatia-macedonenilor.ro\/index.php\/wp-json\/wp\/v2\/posts\/1028\/revisions"}],"predecessor-version":[{"id":1740,"href":"https:\/\/asociatia-macedonenilor.ro\/index.php\/wp-json\/wp\/v2\/posts\/1028\/revisions\/1740"}],"wp:featuredmedia":[{"embeddable":true,"href":"https:\/\/asociatia-macedonenilor.ro\/index.php\/wp-json\/wp\/v2\/media\/1030"}],"wp:attachment":[{"href":"https:\/\/asociatia-macedonenilor.ro\/index.php\/wp-json\/wp\/v2\/media?parent=1028"}],"wp:term":[{"taxonomy":"category","embeddable":true,"href":"https:\/\/asociatia-macedonenilor.ro\/index.php\/wp-json\/wp\/v2\/categories?post=1028"},{"taxonomy":"post_tag","embeddable":true,"href":"https:\/\/asociatia-macedonenilor.ro\/index.php\/wp-json\/wp\/v2\/tags?post=1028"}],"curies":[{"name":"wp","href":"https:\/\/api.w.org\/{rel}","templated":true}]}}